[{"@context":"https:\/\/schema.org\/","@type":"Article","@id":"https:\/\/www.rdaova.cz\/originalni-zarizeni\/#Article","mainEntityOfPage":"https:\/\/www.rdaova.cz\/originalni-zarizeni\/","headline":"Origin\u00e1ln\u00ed za\u0159\u00edzen\u00ed","name":"Origin\u00e1ln\u00ed za\u0159\u00edzen\u00ed","description":"Jist\u011b zn\u00e1te ten pocit, kter\u00fd na V\u00e1s padne p\u0159i vstupu do n\u011bkter\u00fdch byt\u016f \u010di dom\u016f. N\u011bkde je to hezk\u00e9, ale nic nav\u00edc. N\u011bkde v\u0161ak na V\u00e1s doslova d\u00fdchne jedine\u010dn\u00e1 atmosf\u00e9ra, zcela osobit\u00e1 a velmi p\u0159\u00edjemn\u00e1. M\u00e1me \u010dasto pocit, \u017ee takov\u00fd domov chceme m\u00edt tak\u00e9, jen si jej nedovedeme sami navrhnout. A p\u0159itom sta\u010d\u00ed tak m\u00e1lo, [&hellip;]","datePublished":"2025-08-29","dateModified":"2025-08-29","author":{"@type":"Person","@id":"https:\/\/www.rdaova.cz\/author\/#Person","name":"","url":"https:\/\/www.rdaova.cz\/author\/","identifier":1,"image":{"@type":"ImageObject","@id":"https:\/\/secure.gravatar.com\/avatar\/6eaf701939e92690bed32d6f2e2c0f9e1355f2e3837c1fb45fbfacf848239e2d?s=96&d=mm&r=g","url":"https:\/\/secure.gravatar.com\/avatar\/6eaf701939e92690bed32d6f2e2c0f9e1355f2e3837c1fb45fbfacf848239e2d?s=96&d=mm&r=g","height":96,"width":96}},"publisher":{"@type":"Organization","name":"rdaova.cz","logo":{"@type":"ImageObject","@id":"\/logo.png","url":"\/logo.png","width":600,"height":60}},"url":"https:\/\/www.rdaova.cz\/originalni-zarizeni\/","wordCount":231,"articleBody":"Jist\u011b zn\u00e1te ten pocit, kter\u00fd na V\u00e1s padne p\u0159i vstupu do n\u011bkter\u00fdch byt\u016f \u010di dom\u016f. N\u011bkde je to hezk\u00e9, ale nic nav\u00edc. N\u011bkde v\u0161ak na V\u00e1s doslova d\u00fdchne jedine\u010dn\u00e1 atmosf\u00e9ra, zcela osobit\u00e1 a velmi p\u0159\u00edjemn\u00e1. M\u00e1me \u010dasto pocit, \u017ee takov\u00fd domov chceme m\u00edt tak\u00e9, jen si jej nedovedeme sami navrhnout. A p\u0159itom sta\u010d\u00ed tak m\u00e1lo, m\u00e9n\u011b ne\u017e \u010dek\u00e1te. Sta\u010d\u00ed koupit jen p\u00e1r vhodn\u011b zvolen\u00fdch origin\u00e1ln\u00edch dopl\u0148k\u016f, kter\u00e9 rozhodn\u011b nemus\u00ed b\u00fdt drah\u00e9. T\u0159e\u0161ni\u010dkou na dortu Va\u0161eho bydlen\u00ed mohou b\u00fdt spr\u00e1vn\u011b zvolen\u00e9 modern\u00ed koberce. Trocha Orientu Mo\u017en\u00e1 V\u00e1s p\u0159ekvap\u00ed, \u017ee pod t\u00edmto pojmem se rozhodn\u011b nemus\u00ed skr\u00fdvat jen nep\u0159\u00edli\u0161 zaj\u00edmav\u00e9 kousky \u010di ty s abstraktn\u00edmi vzory, pod t\u00edmto pojmem se mohou skr\u00fdvat i n\u00e1dhern\u00e9 a vkusn\u00e9 ru\u010dn\u011b tkan\u00e9 koberce z Orientu, takov\u00e9, kter\u00e9 dodnes vznikaj\u00ed podle tradi\u010dn\u00edch v\u00fdrobn\u00edch postup\u016f p\u0159ed\u00e1van\u00fdch z generace na generaci. Jen jejich design se m\u00edrn\u011b pozm\u011bnil od tradi\u010dn\u00edch motiv\u016f k takov\u00fdm, kter\u00e9 dnes lid\u00e9 pova\u017euj\u00ed za stylov\u00e9. Nicm\u00e9n\u011b v\u011bzte, \u017ee i p\u0159es to, \u010di pr\u00e1v\u011b proto, si zachovaly svou jedine\u010dnost a kouzlo, budou ozdobou Va\u0161eho domova.                                                                                                                                                                                                                                                                                                                                                                                                "},{"@context":"https:\/\/schema.org\/","@type":"BreadcrumbList","itemListElement":[{"@type":"ListItem","position":1,"name":"Origin\u00e1ln\u00ed za\u0159\u00edzen\u00ed","item":"https:\/\/www.rdaova.cz\/originalni-zarizeni\/#breadcrumbitem"}]}]